{"id":5918,"date":"2022-08-23T13:06:15","date_gmt":"2022-08-23T11:06:15","guid":{"rendered":"https:\/\/www-dev.pvzp.cz\/?p=5918"},"modified":"2022-08-23T13:06:15","modified_gmt":"2022-08-23T11:06:15","slug":"stranded-in-the-czech-republic-because-of-the-covid-19-pandemic-with-no-medical-insurance","status":"publish","type":"post","link":"https:\/\/www.pvzp.cz\/en\/news\/stranded-in-the-czech-republic-because-of-the-covid-19-pandemic-with-no-medical-insurance\/","title":{"rendered":"Stranded in the Czech Republic because of the COVID-19 pandemic with no medical insurance?"},"content":{"rendered":"<p>Because of the coronavirus pandemic, some people have been forced to stay in the Czech Republic without medical insurance.<\/p>\n<p>This is mainly the case with Czech citizens who reside abroad permanently or on a long-term basis and who came to the Czech Republic for a temporary stay as well as foreign nationals who have to stay in the country longer than originally planned.<\/p>\n<p>Czech nationals living in another EU Member State or citizens of other EU countries can take advantage of healthcare provided under the European Health Insurance Card (EHIC). However, relying exclusively on the EHIC can be risky because the scheme only covers emergency care and essential treatments.<\/p>\n<p>Poji\u0161\u0165ovna VZP, a.s. (PVZP) offers commercial medical insurance that provides coverage similar to the public medical insurance scheme.<\/p>\n<p>Three options are available:<\/p>\n<ul>\n<li><a href=\"https:\/\/www.pvzp.cz\/en\/podprodukty\/basic-foreigners-medical-insurance\/\" target=\"_blank\" rel=\"noopener\">Basic Medical Insurance for Foreigners\u00a0<\/a>provides coverage to foreign nationals whose stay in the Czech Republic does not exceed 90 days.<\/li>\n<li><a href=\"https:\/\/www.pvzp.cz\/en\/podprodukty\/foreigners-comprehensive-medical-insurance-plus\/\" target=\"_blank\" rel=\"noopener\">Comprehensive Medical Insurance for Foreigners PLUS<\/a>\u00a0is intended for people who plan to stay in the Czech Republic for three months or longer.<\/li>\n<li><a href=\"https:\/\/www.pvzp.cz\/en\/podprodukty\/foreigners-comprehensive-medical-insurance-exclusive\/\" target=\"_blank\" rel=\"noopener\">Comprehensive Medical Insurance\u00a0for Foreigners EXCLUSIVE<\/a>\u00a0is recommended for individuals who plan to stay in the Czech Republic for one year and longer.<\/li>\n<\/ul>\n","protected":false},"excerpt":{"rendered":"<p>Because of the coronavirus pandemic, some people have been forced to stay in the Czech Republic without medical insurance. This is mainly the case with Czech citizens who reside abroad permanently or on a long-term basis and who came to the Czech Republic for a temporary stay as well as foreign nationals who have to<\/p>\n","protected":false},"author":9,"featured_media":0,"comment_status":"closed","ping_status":"open","sticky":false,"template":"","format":"standard","meta":{"_acf_changed":false,"footnotes":""},"categories":[77],"tags":[],"class_list":["post-5918","post","type-post","status-publish","format-standard","hentry","category-news","product-foreigners-medical-insurance"],"acf":[],"yoast_head":"<!-- This site is optimized with the Yoast SEO plugin v26.9 - https:\/\/yoast.com\/product\/yoast-seo-wordpress\/ -->\n<title>Stranded in the Czech Republic because of the COVID-19 pandemic with no medical insurance? | PVZP<\/title>\n<meta name=\"robots\" content=\"index, follow, max-snippet:-1, max-image-preview:large, max-video-preview:-1\" \/>\n<link rel=\"canonical\" href=\"https:\/\/www.pvzp.cz\/en\/news\/stranded-in-the-czech-republic-because-of-the-covid-19-pandemic-with-no-medical-insurance\/\" \/>\n<meta property=\"og:locale\" content=\"en_US\" \/>\n<meta property=\"og:type\" content=\"article\" \/>\n<meta property=\"og:title\" content=\"Stranded in the Czech Republic because of the COVID-19 pandemic with no medical insurance? | PVZP\" \/>\n<meta property=\"og:description\" content=\"Because of the coronavirus pandemic, some people have been forced to stay in the Czech Republic without medical insurance. This is mainly the case with Czech citizens who reside abroad permanently or on a long-term basis and who came to the Czech Republic for a temporary stay as well as foreign nationals who have to\" \/>\n<meta property=\"og:url\" content=\"https:\/\/www.pvzp.cz\/en\/news\/stranded-in-the-czech-republic-because-of-the-covid-19-pandemic-with-no-medical-insurance\/\" \/>\n<meta property=\"og:site_name\" content=\"PVZP\" \/>\n<meta property=\"article:publisher\" content=\"https:\/\/www.facebook.com\/pojistovnavzp\/\" \/>\n<meta property=\"article:published_time\" content=\"2022-08-23T11:06:15+00:00\" \/>\n<meta property=\"og:image\" content=\"https:\/\/www.pvzp.cz\/wp-content\/uploads\/2024\/11\/Logo.png\" \/>\n\t<meta property=\"og:image:width\" content=\"2823\" \/>\n\t<meta property=\"og:image:height\" content=\"1000\" \/>\n\t<meta property=\"og:image:type\" content=\"image\/png\" \/>\n<meta name=\"author\" content=\"Erik Schmidt\" \/>\n<meta name=\"twitter:card\" content=\"summary_large_image\" \/>\n<meta name=\"twitter:label1\" content=\"Written by\" \/>\n\t<meta name=\"twitter:data1\" content=\"Erik Schmidt\" \/>\n\t<meta name=\"twitter:label2\" content=\"Est. reading time\" \/>\n\t<meta name=\"twitter:data2\" content=\"2 minutes\" \/>\n<script type=\"application\/ld+json\" class=\"yoast-schema-graph\">{\"@context\":\"https:\/\/schema.org\",\"@graph\":[{\"@type\":\"Article\",\"@id\":\"https:\/\/www.pvzp.cz\/en\/news\/stranded-in-the-czech-republic-because-of-the-covid-19-pandemic-with-no-medical-insurance\/#article\",\"isPartOf\":{\"@id\":\"https:\/\/www.pvzp.cz\/en\/news\/stranded-in-the-czech-republic-because-of-the-covid-19-pandemic-with-no-medical-insurance\/\"},\"author\":{\"name\":\"Erik Schmidt\",\"@id\":\"https:\/\/www.pvzp.cz\/en\/#\/schema\/person\/ee6763491a556f4cb5d1e26dec67e0c8\"},\"headline\":\"Stranded in the Czech Republic because of the COVID-19 pandemic with no medical insurance?\",\"datePublished\":\"2022-08-23T11:06:15+00:00\",\"mainEntityOfPage\":{\"@id\":\"https:\/\/www.pvzp.cz\/en\/news\/stranded-in-the-czech-republic-because-of-the-covid-19-pandemic-with-no-medical-insurance\/\"},\"wordCount\":213,\"publisher\":{\"@id\":\"https:\/\/www.pvzp.cz\/en\/#organization\"},\"articleSection\":[\"News\"],\"inLanguage\":\"en-US\"},{\"@type\":\"WebPage\",\"@id\":\"https:\/\/www.pvzp.cz\/en\/news\/stranded-in-the-czech-republic-because-of-the-covid-19-pandemic-with-no-medical-insurance\/\",\"url\":\"https:\/\/www.pvzp.cz\/en\/news\/stranded-in-the-czech-republic-because-of-the-covid-19-pandemic-with-no-medical-insurance\/\",\"name\":\"Stranded in the Czech Republic because of the COVID-19 pandemic with no medical insurance? | PVZP\",\"isPartOf\":{\"@id\":\"https:\/\/www.pvzp.cz\/en\/#website\"},\"datePublished\":\"2022-08-23T11:06:15+00:00\",\"breadcrumb\":{\"@id\":\"https:\/\/www.pvzp.cz\/en\/news\/stranded-in-the-czech-republic-because-of-the-covid-19-pandemic-with-no-medical-insurance\/#breadcrumb\"},\"inLanguage\":\"en-US\",\"potentialAction\":[{\"@type\":\"ReadAction\",\"target\":[\"https:\/\/www.pvzp.cz\/en\/news\/stranded-in-the-czech-republic-because-of-the-covid-19-pandemic-with-no-medical-insurance\/\"]}]},{\"@type\":\"BreadcrumbList\",\"@id\":\"https:\/\/www.pvzp.cz\/en\/news\/stranded-in-the-czech-republic-because-of-the-covid-19-pandemic-with-no-medical-insurance\/#breadcrumb\",\"itemListElement\":[{\"@type\":\"ListItem\",\"position\":1,\"name\":\"Home\",\"item\":\"https:\/\/www.pvzp.cz\/en\/\"},{\"@type\":\"ListItem\",\"position\":2,\"name\":\"News\",\"item\":\"https:\/\/www.pvzp.cz\/en\/category\/news\/\"},{\"@type\":\"ListItem\",\"position\":3,\"name\":\"Stranded in the Czech Republic because of the COVID-19 pandemic with no medical insurance?\"}]},{\"@type\":\"WebSite\",\"@id\":\"https:\/\/www.pvzp.cz\/en\/#website\",\"url\":\"https:\/\/www.pvzp.cz\/en\/\",\"name\":\"Poji\u0161\u0165ovna VZP\",\"description\":\"PVZP\",\"publisher\":{\"@id\":\"https:\/\/www.pvzp.cz\/en\/#organization\"},\"alternateName\":\"PVZP - ryze \u010desk\u00e1 komer\u010dn\u00ed poji\u0161\u0165ovna\",\"potentialAction\":[{\"@type\":\"SearchAction\",\"target\":{\"@type\":\"EntryPoint\",\"urlTemplate\":\"https:\/\/www.pvzp.cz\/en\/?s={search_term_string}\"},\"query-input\":{\"@type\":\"PropertyValueSpecification\",\"valueRequired\":true,\"valueName\":\"search_term_string\"}}],\"inLanguage\":\"en-US\"},{\"@type\":\"Organization\",\"@id\":\"https:\/\/www.pvzp.cz\/en\/#organization\",\"name\":\"Poji\u0161\u0165ovna VZP, a.s.\",\"alternateName\":\"Poji\u0161\u0165ovna VZP, a. s. \u2013 ryze \u010desk\u00e1 komer\u010dn\u00ed poji\u0161\u0165ovna\",\"url\":\"https:\/\/www.pvzp.cz\/en\/\",\"logo\":{\"@type\":\"ImageObject\",\"inLanguage\":\"en-US\",\"@id\":\"https:\/\/www.pvzp.cz\/en\/#\/schema\/logo\/image\/\",\"url\":\"https:\/\/www.pvzp.cz\/wp-content\/uploads\/2024\/11\/Logo.png\",\"contentUrl\":\"https:\/\/www.pvzp.cz\/wp-content\/uploads\/2024\/11\/Logo.png\",\"width\":2823,\"height\":1000,\"caption\":\"Poji\u0161\u0165ovna VZP, a.s.\"},\"image\":{\"@id\":\"https:\/\/www.pvzp.cz\/en\/#\/schema\/logo\/image\/\"},\"sameAs\":[\"https:\/\/www.facebook.com\/pojistovnavzp\/\"]},{\"@type\":\"Person\",\"@id\":\"https:\/\/www.pvzp.cz\/en\/#\/schema\/person\/ee6763491a556f4cb5d1e26dec67e0c8\",\"name\":\"Erik Schmidt\",\"image\":{\"@type\":\"ImageObject\",\"inLanguage\":\"en-US\",\"@id\":\"https:\/\/www.pvzp.cz\/en\/#\/schema\/person\/image\/\",\"url\":\"https:\/\/secure.gravatar.com\/avatar\/0a62b91d09a6957a86059028a20b0678e8b805dc61f41a53c963443e2bb5363a?s=96&d=mm&r=g\",\"contentUrl\":\"https:\/\/secure.gravatar.com\/avatar\/0a62b91d09a6957a86059028a20b0678e8b805dc61f41a53c963443e2bb5363a?s=96&d=mm&r=g\",\"caption\":\"Erik Schmidt\"}}]}<\/script>\n<!-- \/ Yoast SEO plugin. -->","yoast_head_json":{"title":"Stranded in the Czech Republic because of the COVID-19 pandemic with no medical insurance? | PVZP","robots":{"index":"index","follow":"follow","max-snippet":"max-snippet:-1","max-image-preview":"max-image-preview:large","max-video-preview":"max-video-preview:-1"},"canonical":"https:\/\/www.pvzp.cz\/en\/news\/stranded-in-the-czech-republic-because-of-the-covid-19-pandemic-with-no-medical-insurance\/","og_locale":"en_US","og_type":"article","og_title":"Stranded in the Czech Republic because of the COVID-19 pandemic with no medical insurance? | PVZP","og_description":"Because of the coronavirus pandemic, some people have been forced to stay in the Czech Republic without medical insurance. This is mainly the case with Czech citizens who reside abroad permanently or on a long-term basis and who came to the Czech Republic for a temporary stay as well as foreign nationals who have to","og_url":"https:\/\/www.pvzp.cz\/en\/news\/stranded-in-the-czech-republic-because-of-the-covid-19-pandemic-with-no-medical-insurance\/","og_site_name":"PVZP","article_publisher":"https:\/\/www.facebook.com\/pojistovnavzp\/","article_published_time":"2022-08-23T11:06:15+00:00","og_image":[{"width":2823,"height":1000,"url":"https:\/\/www.pvzp.cz\/wp-content\/uploads\/2024\/11\/Logo.png","type":"image\/png"}],"author":"Erik Schmidt","twitter_card":"summary_large_image","twitter_misc":{"Written by":"Erik Schmidt","Est. reading time":"2 minutes"},"schema":{"@context":"https:\/\/schema.org","@graph":[{"@type":"Article","@id":"https:\/\/www.pvzp.cz\/en\/news\/stranded-in-the-czech-republic-because-of-the-covid-19-pandemic-with-no-medical-insurance\/#article","isPartOf":{"@id":"https:\/\/www.pvzp.cz\/en\/news\/stranded-in-the-czech-republic-because-of-the-covid-19-pandemic-with-no-medical-insurance\/"},"author":{"name":"Erik Schmidt","@id":"https:\/\/www.pvzp.cz\/en\/#\/schema\/person\/ee6763491a556f4cb5d1e26dec67e0c8"},"headline":"Stranded in the Czech Republic because of the COVID-19 pandemic with no medical insurance?","datePublished":"2022-08-23T11:06:15+00:00","mainEntityOfPage":{"@id":"https:\/\/www.pvzp.cz\/en\/news\/stranded-in-the-czech-republic-because-of-the-covid-19-pandemic-with-no-medical-insurance\/"},"wordCount":213,"publisher":{"@id":"https:\/\/www.pvzp.cz\/en\/#organization"},"articleSection":["News"],"inLanguage":"en-US"},{"@type":"WebPage","@id":"https:\/\/www.pvzp.cz\/en\/news\/stranded-in-the-czech-republic-because-of-the-covid-19-pandemic-with-no-medical-insurance\/","url":"https:\/\/www.pvzp.cz\/en\/news\/stranded-in-the-czech-republic-because-of-the-covid-19-pandemic-with-no-medical-insurance\/","name":"Stranded in the Czech Republic because of the COVID-19 pandemic with no medical insurance? | PVZP","isPartOf":{"@id":"https:\/\/www.pvzp.cz\/en\/#website"},"datePublished":"2022-08-23T11:06:15+00:00","breadcrumb":{"@id":"https:\/\/www.pvzp.cz\/en\/news\/stranded-in-the-czech-republic-because-of-the-covid-19-pandemic-with-no-medical-insurance\/#breadcrumb"},"inLanguage":"en-US","potentialAction":[{"@type":"ReadAction","target":["https:\/\/www.pvzp.cz\/en\/news\/stranded-in-the-czech-republic-because-of-the-covid-19-pandemic-with-no-medical-insurance\/"]}]},{"@type":"BreadcrumbList","@id":"https:\/\/www.pvzp.cz\/en\/news\/stranded-in-the-czech-republic-because-of-the-covid-19-pandemic-with-no-medical-insurance\/#breadcrumb","itemListElement":[{"@type":"ListItem","position":1,"name":"Home","item":"https:\/\/www.pvzp.cz\/en\/"},{"@type":"ListItem","position":2,"name":"News","item":"https:\/\/www.pvzp.cz\/en\/category\/news\/"},{"@type":"ListItem","position":3,"name":"Stranded in the Czech Republic because of the COVID-19 pandemic with no medical insurance?"}]},{"@type":"WebSite","@id":"https:\/\/www.pvzp.cz\/en\/#website","url":"https:\/\/www.pvzp.cz\/en\/","name":"Poji\u0161\u0165ovna VZP","description":"PVZP","publisher":{"@id":"https:\/\/www.pvzp.cz\/en\/#organization"},"alternateName":"PVZP - ryze \u010desk\u00e1 komer\u010dn\u00ed poji\u0161\u0165ovna","potentialAction":[{"@type":"SearchAction","target":{"@type":"EntryPoint","urlTemplate":"https:\/\/www.pvzp.cz\/en\/?s={search_term_string}"},"query-input":{"@type":"PropertyValueSpecification","valueRequired":true,"valueName":"search_term_string"}}],"inLanguage":"en-US"},{"@type":"Organization","@id":"https:\/\/www.pvzp.cz\/en\/#organization","name":"Poji\u0161\u0165ovna VZP, a.s.","alternateName":"Poji\u0161\u0165ovna VZP, a. s. \u2013 ryze \u010desk\u00e1 komer\u010dn\u00ed poji\u0161\u0165ovna","url":"https:\/\/www.pvzp.cz\/en\/","logo":{"@type":"ImageObject","inLanguage":"en-US","@id":"https:\/\/www.pvzp.cz\/en\/#\/schema\/logo\/image\/","url":"https:\/\/www.pvzp.cz\/wp-content\/uploads\/2024\/11\/Logo.png","contentUrl":"https:\/\/www.pvzp.cz\/wp-content\/uploads\/2024\/11\/Logo.png","width":2823,"height":1000,"caption":"Poji\u0161\u0165ovna VZP, a.s."},"image":{"@id":"https:\/\/www.pvzp.cz\/en\/#\/schema\/logo\/image\/"},"sameAs":["https:\/\/www.facebook.com\/pojistovnavzp\/"]},{"@type":"Person","@id":"https:\/\/www.pvzp.cz\/en\/#\/schema\/person\/ee6763491a556f4cb5d1e26dec67e0c8","name":"Erik Schmidt","image":{"@type":"ImageObject","inLanguage":"en-US","@id":"https:\/\/www.pvzp.cz\/en\/#\/schema\/person\/image\/","url":"https:\/\/secure.gravatar.com\/avatar\/0a62b91d09a6957a86059028a20b0678e8b805dc61f41a53c963443e2bb5363a?s=96&d=mm&r=g","contentUrl":"https:\/\/secure.gravatar.com\/avatar\/0a62b91d09a6957a86059028a20b0678e8b805dc61f41a53c963443e2bb5363a?s=96&d=mm&r=g","caption":"Erik Schmidt"}}]}},"_links":{"self":[{"href":"https:\/\/www.pvzp.cz\/en\/wp-json\/wp\/v2\/posts\/5918","targetHints":{"allow":["GET"]}}],"collection":[{"href":"https:\/\/www.pvzp.cz\/en\/wp-json\/wp\/v2\/posts"}],"about":[{"href":"https:\/\/www.pvzp.cz\/en\/wp-json\/wp\/v2\/types\/post"}],"author":[{"embeddable":true,"href":"https:\/\/www.pvzp.cz\/en\/wp-json\/wp\/v2\/users\/9"}],"replies":[{"embeddable":true,"href":"https:\/\/www.pvzp.cz\/en\/wp-json\/wp\/v2\/comments?post=5918"}],"version-history":[{"count":1,"href":"https:\/\/www.pvzp.cz\/en\/wp-json\/wp\/v2\/posts\/5918\/revisions"}],"predecessor-version":[{"id":5919,"href":"https:\/\/www.pvzp.cz\/en\/wp-json\/wp\/v2\/posts\/5918\/revisions\/5919"}],"wp:attachment":[{"href":"https:\/\/www.pvzp.cz\/en\/wp-json\/wp\/v2\/media?parent=5918"}],"wp:term":[{"taxonomy":"category","embeddable":true,"href":"https:\/\/www.pvzp.cz\/en\/wp-json\/wp\/v2\/categories?post=5918"},{"taxonomy":"post_tag","embeddable":true,"href":"https:\/\/www.pvzp.cz\/en\/wp-json\/wp\/v2\/tags?post=5918"}],"curies":[{"name":"wp","href":"https:\/\/api.w.org\/{rel}","templated":true}]}}